{"id":265,"date":"2021-09-18T01:08:38","date_gmt":"2021-09-17T23:08:38","guid":{"rendered":"https:\/\/www.diocesidicremona.it\/sostegnochiesa\/?p=265"},"modified":"2021-09-18T01:09:40","modified_gmt":"2021-09-17T23:09:40","slug":"giornata-per-il-sostentamento-del-clero","status":"publish","type":"post","link":"https:\/\/www.diocesidicremona.it\/sostegnochiesa\/2021\/09\/18\/giornata-per-il-sostentamento-del-clero\/","title":{"rendered":"Giornata per il Sostentamento del Clero"},"content":{"rendered":"<div class=\"pdfprnt-buttons pdfprnt-buttons-post pdfprnt-top-right\"><a href=\"https:\/\/www.diocesidicremona.it\/sostegnochiesa\/wp-json\/wp\/v2\/posts\/265?print=pdf\" class=\"pdfprnt-button pdfprnt-button-pdf\" target=\"_blank\" ><img decoding=\"async\" src=\"https:\/\/www.diocesidicremona.it\/sostegnochiesa\/wp-content\/plugins\/pdf-print\/images\/pdf.png\" alt=\"image_pdf\" title=\"Visualizza PDF\" \/><\/a><a href=\"https:\/\/www.diocesidicremona.it\/sostegnochiesa\/wp-json\/wp\/v2\/posts\/265?print=print\" class=\"pdfprnt-button pdfprnt-button-print\" target=\"_blank\" ><img decoding=\"async\" src=\"https:\/\/www.diocesidicremona.it\/sostegnochiesa\/wp-content\/plugins\/pdf-print\/images\/print.png\" alt=\"image_print\" title=\"Stampa contenuto\" \/><\/a><\/div><p><a href=\"https:\/\/www.diocesidicremona.it\/sostegnochiesa\/wp-content\/uploads\/sites\/26\/2021\/09\/logo-sovvenire.jpg\" data-rel=\"lightbox-image-0\" data-rl_title=\"\" data-rl_caption=\"\" title=\"\"><img loading=\"lazy\" decoding=\"async\" class=\" wp-image-267 alignright\" src=\"https:\/\/www.diocesidicremona.it\/sostegnochiesa\/wp-content\/uploads\/sites\/26\/2021\/09\/logo-sovvenire-300x259.jpg\" alt=\"\" width=\"174\" height=\"151\" srcset=\"https:\/\/www.diocesidicremona.it\/sostegnochiesa\/wp-content\/uploads\/sites\/26\/2021\/09\/logo-sovvenire-300x259.jpg 300w, https:\/\/www.diocesidicremona.it\/sostegnochiesa\/wp-content\/uploads\/sites\/26\/2021\/09\/logo-sovvenire-324x280.jpg 324w, https:\/\/www.diocesidicremona.it\/sostegnochiesa\/wp-content\/uploads\/sites\/26\/2021\/09\/logo-sovvenire.jpg 394w\" sizes=\"auto, (max-width: 174px) 100vw, 174px\" \/><\/a>Spostata dalla Solennit\u00e0 di\u00a0<strong>Cristo Re<\/strong>, alla<strong> terza Domenica di settembre,<\/strong> la <strong><em>Giornata Nazionale per il sostentamento del Clero<\/em><\/strong> si prefigge lo scopo di sensibilizzare il popolo di Dio sul sostegno economico della Chiesa, in questo frangente, per la <strong>remunerazione dei presbiteri<\/strong> in servizio presso le Diocesi Italiane.<\/p>\n<p>Lo Stato Italiano concede l&#8217;utilizzo dei fondi dell&#8217;8xmille solo per alcuni scopi di carattere <strong>culturale, caritativo <\/strong>e di<strong> sostentamento del Clero<\/strong>. E se da una parte siamo contenti del fatto che ancora <strong>il 79% degli Italiani che firmano<\/strong>, scelgano la Chiesa Cattolica come destinataria del contributo, dall&#8217;altra parte siamo rammaricati che gran parte dei fondi stessi serva al sostentamento dei 33.000 preti e vescovi Italiani.<\/p>\n<p><a href=\"https:\/\/www.diocesidicremona.it\/sostegnochiesa\/wp-content\/uploads\/sites\/26\/2021\/09\/8xmille.png\" data-rel=\"lightbox-image-1\" data-rl_title=\"\" data-rl_caption=\"\" title=\"\"><img loading=\"lazy\" decoding=\"async\" class=\"wp-image-268 alignleft\" src=\"https:\/\/www.diocesidicremona.it\/sostegnochiesa\/wp-content\/uploads\/sites\/26\/2021\/09\/8xmille-279x300.png\" alt=\"\" width=\"152\" height=\"163\" srcset=\"https:\/\/www.diocesidicremona.it\/sostegnochiesa\/wp-content\/uploads\/sites\/26\/2021\/09\/8xmille-279x300.png 279w, https:\/\/www.diocesidicremona.it\/sostegnochiesa\/wp-content\/uploads\/sites\/26\/2021\/09\/8xmille-260x280.png 260w, https:\/\/www.diocesidicremona.it\/sostegnochiesa\/wp-content\/uploads\/sites\/26\/2021\/09\/8xmille.png 580w\" sizes=\"auto, (max-width: 152px) 100vw, 152px\" \/><\/a>Ecco perch\u00e9 il sistema ideato negli anni &#8217;80 prevedeva un altro canale attraverso il quale bilanciare le destinazioni: quello delle <strong>offerte liberali deducibili<\/strong>. E cio\u00e8: se il popolo di Dio si facesse carico maggiormente della spesa per la remunerazione dei propri presbiteri, le risorse dell&#8217;8xmille giungerebbero in maggior misura agli scopi caritativi e culturali <em>(compresi artistici e di restauro).<\/em><\/p>\n<p>Questo per\u00f2 richiede una <strong>maggiore maturit\u00e0 ecclesiale<\/strong>: l&#8217;offerta che io faccio non va al <em>&#8220;mio prete&#8221;<\/em> ma al sistema studiato 30 anni fa che ha il compito di suddividere in maniera equa le risorse tra i presbiteri italiani. Il sistema precedente infatti generava ingiustizie, visto che il prete era a carico della propria parrocchia e quindi il suo trattamento dipendeva dalla ricchezza o povert\u00e0 della stessa. Con questo sistema invece tutto \u00e8 pi\u00f9 giusto e responsabilizzante, ma suppone <strong>un senso di Chiesa<\/strong> pi\u00f9 nitido da parte nostra. Ecco perch\u00e9 anche nella nostra Diocesi abbiamo attivato\u00a0<strong>un servizio di promozione<\/strong>, informazione e formazione riguardo a questo tema.<\/p>\n<p>Per vivere appieno questa giornata vi diamo alcuni consigli:<\/p>\n<ol>\n<li><strong>Visitate il nuovo sito<\/strong> nazionale <strong><a href=\"http:\/\/www.unitineldono.it\">www.unitineldono.it<\/a><\/strong><br \/>\ne magari farlo conoscere ad altre persone della comunit\u00e0. \u00c8 ricco di spiegazioni, rendiconti aggiornati, storie edificanti di chi nella Chiesa prova a servire ogni giorno il Signore con gioia<br \/>\n.<\/li>\n<li><strong>Organizzare un incontro catechistico<\/strong> sul tema di come la Chiesa spende le risorse economiche raccolte. Basta che il vostro parroco chieda al nostro ufficio diocesano, e orga<a href=\"https:\/\/www.diocesidicremona.it\/sostegnochiesa\/wp-content\/uploads\/sites\/26\/2021\/09\/Rivista.png\" data-rel=\"lightbox-image-2\" data-rl_title=\"\" data-rl_caption=\"\" title=\"\"><img loading=\"lazy\" decoding=\"async\" class=\" wp-image-269 alignright\" src=\"https:\/\/www.diocesidicremona.it\/sostegnochiesa\/wp-content\/uploads\/sites\/26\/2021\/09\/Rivista-224x300.png\" alt=\"\" width=\"185\" height=\"247\" srcset=\"https:\/\/www.diocesidicremona.it\/sostegnochiesa\/wp-content\/uploads\/sites\/26\/2021\/09\/Rivista-224x300.png 224w, https:\/\/www.diocesidicremona.it\/sostegnochiesa\/wp-content\/uploads\/sites\/26\/2021\/09\/Rivista-766x1024.png 766w, https:\/\/www.diocesidicremona.it\/sostegnochiesa\/wp-content\/uploads\/sites\/26\/2021\/09\/Rivista-768x1027.png 768w, https:\/\/www.diocesidicremona.it\/sostegnochiesa\/wp-content\/uploads\/sites\/26\/2021\/09\/Rivista-209x280.png 209w, https:\/\/www.diocesidicremona.it\/sostegnochiesa\/wp-content\/uploads\/sites\/26\/2021\/09\/Rivista-574x768.png 574w, https:\/\/www.diocesidicremona.it\/sostegnochiesa\/wp-content\/uploads\/sites\/26\/2021\/09\/Rivista-685x916.png 685w, https:\/\/www.diocesidicremona.it\/sostegnochiesa\/wp-content\/uploads\/sites\/26\/2021\/09\/Rivista-1024x1369.png 1024w, https:\/\/www.diocesidicremona.it\/sostegnochiesa\/wp-content\/uploads\/sites\/26\/2021\/09\/Rivista.png 1128w\" sizes=\"auto, (max-width: 185px) 100vw, 185px\" \/><\/a>nizzeremo per filo e per segno l\u2019intera serata \u2013 tra l\u2019altro con una utilissima sorpresa. Mandate la richiesta all\u2019indirizzo: <strong><a href=\"mailto:sovvenire@diocesidicremona.it\">sovvenire@diocesidicremona.it<\/a><br \/>\n.<\/strong><\/li>\n<li>Destinate una volta all\u2019anno una delle vostre offerte al Sostentamento dei preti: <strong>l\u2019offerta \u00e8 deducibile<\/strong> dalla dichiarazione dei redditi. Riceverete cos\u00ec anche la nuova rivista gratuita <em><strong>\u201cSovvenire\u201d<\/strong><\/em> che vi terr\u00e0 aggiornati su come vengono spesi i\u00a0<span style=\"font-family: inherit; font-size: 1rem;\">fondi raccolti.<\/span><\/li>\n<\/ol>\n<p><a href=\"https:\/\/www.diocesidicremona.it\/sostegnochiesa\/?p=279&amp;preview=true\">Per saperne di pi\u00f9 sulle <strong>modalit\u00e0 anche online di destinazione<\/strong> di un&#8217;offerta, clicca sul testo di queste due righe.<\/a><\/p>\n","protected":false},"excerpt":{"rendered":"<p>Spostata dalla Solennit\u00e0 di\u00a0Cristo Re, alla terza Domenica di settembre, la Giornata Nazionale per il sostentamento del Clero si prefigge lo scopo di sensibilizzare il popolo di Dio sul sostegno economico della Chiesa, in questo frangente, per la remunerazione dei presbiteri in servizio presso le Diocesi Italiane. Lo Stato Italiano concede l&#8217;utilizzo dei fondi dell&#8217;8xmille &hellip; <a href=\"https:\/\/www.diocesidicremona.it\/sostegnochiesa\/2021\/09\/18\/giornata-per-il-sostentamento-del-clero\/\" class=\"more-link\">Continue reading <span class=\"screen-reader-text\">Giornata per il Sostentamento del Clero<\/span> <span class=\"meta-nav\">&raquo;<\/span><\/a><\/p>\n","protected":false},"author":6,"featured_media":0,"comment_status":"closed","ping_status":"open","sticky":false,"template":"","format":"standard","meta":{"_acf_changed":false,"ip_address":"","user_agent":"","level":"","revision":"","cookie_id":"","page_referer":"","html_form":"","footnotes":"","_links_to":"","_links_to_target":""},"categories":[5,4],"tags":[],"class_list":["post-265","post","type-post","status-publish","format-standard","hentry","category-home","category-notizie"],"acf":[],"_links":{"self":[{"href":"https:\/\/www.diocesidicremona.it\/sostegnochiesa\/wp-json\/wp\/v2\/posts\/265","targetHints":{"allow":["GET"]}}],"collection":[{"href":"https:\/\/www.diocesidicremona.it\/sostegnochiesa\/wp-json\/wp\/v2\/posts"}],"about":[{"href":"https:\/\/www.diocesidicremona.it\/sostegnochiesa\/wp-json\/wp\/v2\/types\/post"}],"author":[{"embeddable":true,"href":"https:\/\/www.diocesidicremona.it\/sostegnochiesa\/wp-json\/wp\/v2\/users\/6"}],"replies":[{"embeddable":true,"href":"https:\/\/www.diocesidicremona.it\/sostegnochiesa\/wp-json\/wp\/v2\/comments?post=265"}],"version-history":[{"count":5,"href":"https:\/\/www.diocesidicremona.it\/sostegnochiesa\/wp-json\/wp\/v2\/posts\/265\/revisions"}],"predecessor-version":[{"id":291,"href":"https:\/\/www.diocesidicremona.it\/sostegnochiesa\/wp-json\/wp\/v2\/posts\/265\/revisions\/291"}],"wp:attachment":[{"href":"https:\/\/www.diocesidicremona.it\/sostegnochiesa\/wp-json\/wp\/v2\/media?parent=265"}],"wp:term":[{"taxonomy":"category","embeddable":true,"href":"https:\/\/www.diocesidicremona.it\/sostegnochiesa\/wp-json\/wp\/v2\/categories?post=265"},{"taxonomy":"post_tag","embeddable":true,"href":"https:\/\/www.diocesidicremona.it\/sostegnochiesa\/wp-json\/wp\/v2\/tags?post=265"}],"curies":[{"name":"wp","href":"https:\/\/api.w.org\/{rel}","templated":true}]}}