{"id":247,"date":"2018-11-23T15:11:25","date_gmt":"2018-11-23T14:11:25","guid":{"rendered":"https:\/\/www.diocesidicremona.it\/sostegnochiesa\/?p=247"},"modified":"2021-09-18T01:10:15","modified_gmt":"2021-09-17T23:10:15","slug":"offerte-liberali-deducibili-2017","status":"publish","type":"post","link":"https:\/\/www.diocesidicremona.it\/sostegnochiesa\/2018\/11\/23\/offerte-liberali-deducibili-2017\/","title":{"rendered":"Offerte liberali deducibili 2017"},"content":{"rendered":"<div class=\"pdfprnt-buttons pdfprnt-buttons-post pdfprnt-top-right\"><a href=\"https:\/\/www.diocesidicremona.it\/sostegnochiesa\/wp-json\/wp\/v2\/posts\/247?print=pdf\" class=\"pdfprnt-button pdfprnt-button-pdf\" target=\"_blank\" ><img decoding=\"async\" src=\"https:\/\/www.diocesidicremona.it\/sostegnochiesa\/wp-content\/plugins\/pdf-print\/images\/pdf.png\" alt=\"image_pdf\" title=\"Visualizza PDF\" \/><\/a><a href=\"https:\/\/www.diocesidicremona.it\/sostegnochiesa\/wp-json\/wp\/v2\/posts\/247?print=print\" class=\"pdfprnt-button pdfprnt-button-print\" target=\"_blank\" ><img decoding=\"async\" src=\"https:\/\/www.diocesidicremona.it\/sostegnochiesa\/wp-content\/plugins\/pdf-print\/images\/print.png\" alt=\"image_print\" title=\"Stampa contenuto\" \/><\/a><\/div><h3><strong><a href=\"https:\/\/www.diocesidicremona.it\/sostegnochiesa\/wp-content\/uploads\/sites\/26\/2018\/11\/logo-offerte-DEFcolori_web.jpg\" data-rel=\"lightbox-image-0\" data-rl_title=\"\" data-rl_caption=\"\" title=\"\"><img loading=\"lazy\" decoding=\"async\" class=\"size-medium wp-image-257 alignright\" src=\"https:\/\/www.diocesidicremona.it\/sostegnochiesa\/wp-content\/uploads\/sites\/26\/2018\/11\/logo-offerte-DEFcolori_web-198x300.jpg\" alt=\"\" width=\"198\" height=\"300\" srcset=\"https:\/\/www.diocesidicremona.it\/sostegnochiesa\/wp-content\/uploads\/sites\/26\/2018\/11\/logo-offerte-DEFcolori_web-198x300.jpg 198w, https:\/\/www.diocesidicremona.it\/sostegnochiesa\/wp-content\/uploads\/sites\/26\/2018\/11\/logo-offerte-DEFcolori_web-185x280.jpg 185w, https:\/\/www.diocesidicremona.it\/sostegnochiesa\/wp-content\/uploads\/sites\/26\/2018\/11\/logo-offerte-DEFcolori_web.jpg 296w\" sizes=\"auto, (max-width: 198px) 100vw, 198px\" \/><\/a>Divise per Comuni della Diocesi<\/strong><\/h3>\n<p>Proprio in vista della giornata di <strong>Cristo Re<\/strong>, da anni ormai scelta per sensibilizzare il popolo di Dio sul sostegno economico della Chiesa, in questo frangente, per la <strong>remunerazione dei presbiteri<\/strong> in servizio presso le Diocesi Italiane, pubblichiamo dagli <em><strong>Uffici della Conferenza Episcopale Italiana<\/strong><\/em> i dati che si riferiscono alla nostra Diocesi.\u00a0L&#8217;altro appuntamento cade in una Domenica di Maggio, tradizionalmente dedicata alla scelta della destinazione dell&#8217;<strong>8xmille<\/strong> IRPEF alla Chiesa Cattolica <strong>(nel 2019 sar\u00e0 il 19 maggio).<\/strong><\/p>\n<p>Lo Stato Italiano infatti concede l&#8217;utilizzo dei fondi dell&#8217;8xmille solo per alcuni scopi di carattere <strong>culturale, caritativo <\/strong>e di<strong> sostentamento del Clero<\/strong>. E se da una parte siamo contenti del fatto che ancora <strong>l&#8217;80% degli Italiani che firmano<\/strong>, scelgano la Chiesa Cattolica come destinataria del contributo, dall&#8217;altra parte siamo rammaricati che la maggior parte dei fondi stessi serva al sostentamento dei 35.000 preti e vescovi Italiani, lasciando solo una piccola parte agli altri due scopi per i quali i fondi 8xmille vengono destinati.<\/p>\n<p>Ecco perch\u00e9 il sistema ideato negli anni &#8217;80 prevedeva un altro canale attraverso il quale bilanciare le destinazioni: quello delle <strong>offerte liberali deducibili<\/strong>. E cio\u00e8: se il popolo di Dio si facesse carico maggiormente della spesa per la remunerazione dei propri presbiteri, le risorse dell&#8217;8xmille giungerebbero in maggior misura agli scopi caritativi e culturali <em>(compresi artistici e di restauro).<\/em><\/p>\n<p>Questo per\u00f2 richiede una <strong>maggiore maturit\u00e0 ecclesiale<\/strong>: l&#8217;offerta che io faccio non va al <em>&#8220;mio prete&#8221;<\/em> ma al sistema studiato 30 anni fa che ha il compito di suddividere in maniera equa le risorse tra i presbiteri italiani. Il sistema precedente infatti generava ingiustizie, visto che il prete era a carico della propria parrocchia e quindi il suo trattamento dipendeva dalla ricchezza o povert\u00e0 della stessa. Con questo sistema invece tutto \u00e8 pi\u00f9 giusto e responsabilizzante, ma suppone un senso di Chiesa pi\u00f9 nitido da parte nostra.<\/p>\n<p>Ecco perch\u00e9 anche nella nostra Diocesi stiamo attivando <strong>un servizio di promozione<\/strong>, informazione e formazione riguardo a questo tema. Entro questo anno pastorale ci attendono importanti sviluppi.\u00a0Nell&#8217;attesa, mentre lavoriamo &#8220;sottocoperta&#8221; vi invitiamo a ritirare in fondo alle vostre chiese il <strong>depliant informativo<\/strong> giunto in tutte le parrocchie d&#8217;Italia &#8211; <em>una volta nel dispenser a forma di campanile, ora in un espositore pi\u00f9 serio<\/em> &#8211; e di scorrerlo con cura. Contiene anche un bollettino postale e le istruzioni per operare un&#8217;offerta via Internet o telefonica attraverso la propria carta di Credito.<\/p>\n<p>Le offerte versate vengono <strong>geolocalizzate<\/strong> e classificate in base al Comune dal quale sono partite. Ecco perch\u00e9 possiamo pubblicare di seguito:<\/p>\n<ul>\n<li>Il confronto tra Cremona e le altre Diocesi Lombarde:<br \/>\n<a href=\"https:\/\/www.diocesidicremona.it\/sostegnochiesa\/wp-content\/uploads\/sites\/26\/2018\/11\/2017-Cremona-e-le-Diocesi-Lombarde.pdf\">2017 &#8211; Cremona e le Diocesi Lombarde<\/a><\/li>\n<li>La scheda di Sintesi riguardante Cremona nel 2017:<br \/>\n<a href=\"https:\/\/www.diocesidicremona.it\/sostegnochiesa\/wp-content\/uploads\/sites\/26\/2018\/11\/2017-Schema-riassuntivo-per-la-nostra-Diocesi.pdf\">2017 &#8211; Schema riassuntivo per la nostra Diocesi<\/a><\/li>\n<li>La tabella con ripartizione delle offerte in base ai Comuni di residenza di coloro che hanno fatto il versamento:<br \/>\n<a href=\"https:\/\/www.diocesidicremona.it\/sostegnochiesa\/wp-content\/uploads\/sites\/26\/2018\/11\/2017-Offerte-liberali-divise-per-Comune.pdf\">2017 &#8211; Offerte liberali divise per Comune<\/a><\/li>\n<\/ul>\n<p>Avremo modo di riflettere sugli stessi dati nei prossimi contatti!<\/p>\n<p><strong>Buona Festa di Cristo Re, e&#8230; siate generosi!<\/strong><\/p>\n<p style=\"text-align: right;\"><em>don Andrea<\/em><\/p>\n<p>&nbsp;<\/p>\n","protected":false},"excerpt":{"rendered":"<p>Divise per Comuni della Diocesi Proprio in vista della giornata di Cristo Re, da anni ormai scelta per sensibilizzare il popolo di Dio sul sostegno economico della Chiesa, in questo frangente, per la remunerazione dei presbiteri in servizio presso le Diocesi Italiane, pubblichiamo dagli Uffici della Conferenza Episcopale Italiana i dati che si riferiscono alla &hellip; <a href=\"https:\/\/www.diocesidicremona.it\/sostegnochiesa\/2018\/11\/23\/offerte-liberali-deducibili-2017\/\" class=\"more-link\">Continue reading <span class=\"screen-reader-text\">Offerte liberali deducibili 2017<\/span> <span class=\"meta-nav\">&raquo;<\/span><\/a><\/p>\n","protected":false},"author":6,"featured_media":0,"comment_status":"closed","ping_status":"open","sticky":false,"template":"","format":"standard","meta":{"_acf_changed":false,"ip_address":"","user_agent":"","level":"","revision":"","cookie_id":"","page_referer":"","html_form":"","footnotes":"","_links_to":"","_links_to_target":""},"categories":[4],"tags":[],"class_list":["post-247","post","type-post","status-publish","format-standard","hentry","category-notizie"],"acf":[],"_links":{"self":[{"href":"https:\/\/www.diocesidicremona.it\/sostegnochiesa\/wp-json\/wp\/v2\/posts\/247","targetHints":{"allow":["GET"]}}],"collection":[{"href":"https:\/\/www.diocesidicremona.it\/sostegnochiesa\/wp-json\/wp\/v2\/posts"}],"about":[{"href":"https:\/\/www.diocesidicremona.it\/sostegnochiesa\/wp-json\/wp\/v2\/types\/post"}],"author":[{"embeddable":true,"href":"https:\/\/www.diocesidicremona.it\/sostegnochiesa\/wp-json\/wp\/v2\/users\/6"}],"replies":[{"embeddable":true,"href":"https:\/\/www.diocesidicremona.it\/sostegnochiesa\/wp-json\/wp\/v2\/comments?post=247"}],"version-history":[{"count":5,"href":"https:\/\/www.diocesidicremona.it\/sostegnochiesa\/wp-json\/wp\/v2\/posts\/247\/revisions"}],"predecessor-version":[{"id":292,"href":"https:\/\/www.diocesidicremona.it\/sostegnochiesa\/wp-json\/wp\/v2\/posts\/247\/revisions\/292"}],"wp:attachment":[{"href":"https:\/\/www.diocesidicremona.it\/sostegnochiesa\/wp-json\/wp\/v2\/media?parent=247"}],"wp:term":[{"taxonomy":"category","embeddable":true,"href":"https:\/\/www.diocesidicremona.it\/sostegnochiesa\/wp-json\/wp\/v2\/categories?post=247"},{"taxonomy":"post_tag","embeddable":true,"href":"https:\/\/www.diocesidicremona.it\/sostegnochiesa\/wp-json\/wp\/v2\/tags?post=247"}],"curies":[{"name":"wp","href":"https:\/\/api.w.org\/{rel}","templated":true}]}}